{"id":1652,"date":"2025-07-15T11:22:44","date_gmt":"2025-07-15T09:22:44","guid":{"rendered":"https:\/\/solargic.net\/?p=1652"},"modified":"2025-07-15T11:28:05","modified_gmt":"2025-07-15T09:28:05","slug":"crees-que-en-euskadi-no-hay-suficiente-sol-para-pasarte-a-la-energia-solar-%f0%9f%8c%a7%ef%b8%8f","status":"publish","type":"post","link":"https:\/\/solargic.net\/ca\/crees-que-en-euskadi-no-hay-suficiente-sol-para-pasarte-a-la-energia-solar-%f0%9f%8c%a7%ef%b8%8f\/","title":{"rendered":"Creus que a Euskadi no hi ha prou sol per passar-te a l&#039;energia solar? \ud83c\udf27\ufe0f"},"content":{"rendered":"<blockquote class=\"wp-block-quote is-layout-flow wp-block-quote-is-layout-flow\">\n<div class=\"wp-block-jetpack-slideshow aligncenter\" data-effect=\"slide\"><div class=\"wp-block-jetpack-slideshow_container swiper-container\"><ul class=\"wp-block-jetpack-slideshow_swiper-wrapper swiper-wrapper\"><li class=\"wp-block-jetpack-slideshow_slide swiper-slide\"><figure><img fetchpriority=\"high\" decoding=\"async\" width=\"462\" height=\"580\" alt=\"\" class=\"wp-block-jetpack-slideshow_image wp-image-1660\" data-id=\"1660\" src=\"https:\/\/solargic.net\/wp-content\/uploads\/2025\/07\/energiasolareuskadi-2.png\" srcset=\"https:\/\/solargic.net\/wp-content\/uploads\/2025\/07\/energiasolareuskadi-2.png 462w, https:\/\/solargic.net\/wp-content\/uploads\/2025\/07\/energiasolareuskadi-2-239x300.png 239w, https:\/\/solargic.net\/wp-content\/uploads\/2025\/07\/energiasolareuskadi-2-10x12.png 10w\" sizes=\"(max-width: 462px) 100vw, 462px\" \/><\/figure><\/li><li class=\"wp-block-jetpack-slideshow_slide swiper-slide\"><figure><img decoding=\"async\" width=\"461\" height=\"572\" alt=\"\" class=\"wp-block-jetpack-slideshow_image wp-image-1657\" data-id=\"1657\" src=\"https:\/\/solargic.net\/wp-content\/uploads\/2025\/07\/2.png\" srcset=\"https:\/\/solargic.net\/wp-content\/uploads\/2025\/07\/2.png 461w, https:\/\/solargic.net\/wp-content\/uploads\/2025\/07\/2-242x300.png 242w, https:\/\/solargic.net\/wp-content\/uploads\/2025\/07\/2-10x12.png 10w\" sizes=\"(max-width: 461px) 100vw, 461px\" \/><\/figure><\/li><li class=\"wp-block-jetpack-slideshow_slide swiper-slide\"><figure><img decoding=\"async\" width=\"461\" height=\"575\" alt=\"\" class=\"wp-block-jetpack-slideshow_image wp-image-1658\" data-id=\"1658\" src=\"https:\/\/solargic.net\/wp-content\/uploads\/2025\/07\/3.png\" srcset=\"https:\/\/solargic.net\/wp-content\/uploads\/2025\/07\/3.png 461w, https:\/\/solargic.net\/wp-content\/uploads\/2025\/07\/3-241x300.png 241w, https:\/\/solargic.net\/wp-content\/uploads\/2025\/07\/3-10x12.png 10w\" sizes=\"(max-width: 461px) 100vw, 461px\" \/><\/figure><\/li><li class=\"wp-block-jetpack-slideshow_slide swiper-slide\"><figure><img loading=\"lazy\" decoding=\"async\" width=\"460\" height=\"578\" alt=\"\" class=\"wp-block-jetpack-slideshow_image wp-image-1659\" data-id=\"1659\" src=\"https:\/\/solargic.net\/wp-content\/uploads\/2025\/07\/4.png\" srcset=\"https:\/\/solargic.net\/wp-content\/uploads\/2025\/07\/4.png 460w, https:\/\/solargic.net\/wp-content\/uploads\/2025\/07\/4-239x300.png 239w, https:\/\/solargic.net\/wp-content\/uploads\/2025\/07\/4-10x12.png 10w\" sizes=\"(max-width: 460px) 100vw, 460px\" \/><\/figure><\/li><\/ul><a class=\"wp-block-jetpack-slideshow_button-prev swiper-button-prev swiper-button-white\" role=\"button\"><\/a><a class=\"wp-block-jetpack-slideshow_button-next swiper-button-next swiper-button-white\" role=\"button\"><\/a><a aria-label=\"Pause Slideshow\" class=\"wp-block-jetpack-slideshow_button-pause\" role=\"button\"><\/a><div class=\"wp-block-jetpack-slideshow_pagination swiper-pagination swiper-pagination-white\"><\/div><\/div><\/div>\n\n\n\n<p>Et sorprendria saber la veritat! \u2600\ufe0f<\/p>\n<\/blockquote>\n\n\n\n<p>Amb m\u00e9s de 200 dies de sol aprofitables a l&#039;any, Euskadi t\u00e9 un gran potencial solar\u2026 ia Solargic Energy t&#039;ajudem a aprofitar-ho al m\u00e0xim.<\/p>\n\n\n\n<p>\u2714\ufe0f Instal\u00b7laci\u00f3 de plaques<br>\u2714\ufe0f Gesti\u00f3 de subvencions<br>\u2714\ufe0f Estalvi garantit<br>\u2714\ufe0f Estudi energ\u00e8tic gratu\u00eft<\/p>\n\n\n\n<p><a href=\"https:\/\/solargic.net\/ca\/contacto\/\">\ud83d\udce9 Escriu-nos i fa el primer pas cap a una llar m\u00e9s eficient i sostenible.<\/a><\/p>\n\n\n\n<p>\u2014\u2014\u2014\u2014<\/p>\n\n\n\n<p>Vost\u00e8 duu Euskadin eguzkia ez de la nahikoa plaka solarrekin energia sortzeko?\ud83c\udf27\ufe0f<br>Harrituko zinateke egia jakinda \u2600\ufe0f<\/p>\n\n\n\n<p>Euskadin urtean 200 egun baino gehiago daude eguzkia aprobetxatzeko modukoak, eta Solargic Energy-en zure alde jartzen dugu:<\/p>\n\n\n\n<p>\u2714 Plaken-instalazioa<br>\u2714 Diru-laguntzen kudeaketa<br>\u2714 Aurrezkien bermaketa.<br>\u2714 Azterketa energetikoa doan<\/p>\n\n\n\n<p><a href=\"https:\/\/solargic.net\/ca\/contacto\/\">\ud83d\udce9 Idatzi eta hasi bidea etxe jasangarriago baterantz.<\/a><\/p>\n\n\n\n<p><\/p>","protected":false},"excerpt":{"rendered":"<p>Con m\u00e1s de 200 d\u00edas de sol aprovechables al a\u00f1o, Euskadi tiene un gran potencial solar\u2026 y en Solargic Energy te ayudamos a aprovecharlo al m\u00e1ximo. \u2714\ufe0f Instalaci\u00f3n de placas\u2714\ufe0f Gesti\u00f3n de subvenciones\u2714\ufe0f Ahorro garantizado\u2714\ufe0f Estudio energ\u00e9tico gratuito \ud83d\udce9 Escr\u00edbenos y da el primer paso hacia un hogar m\u00e1s eficiente y sostenible. \u2014&#8212;&#8212;&#8212; Uste duzu [&hellip;]<\/p>","protected":false},"author":3,"featured_media":1653,"comment_status":"closed","ping_status":"","sticky":false,"template":"","format":"standard","meta":{"inline_featured_image":false,"_jetpack_memberships_contains_paid_content":false,"footnotes":""},"categories":[1],"tags":[],"class_list":["post-1652","post","type-post","status-publish","format-standard","has-post-thumbnail","hentry","category-noticias"],"jetpack_featured_media_url":"https:\/\/solargic.net\/wp-content\/uploads\/2025\/07\/energiasolareuskadi.png","jetpack_sharing_enabled":true,"_links":{"self":[{"href":"https:\/\/solargic.net\/ca\/wp-json\/wp\/v2\/posts\/1652","targetHints":{"allow":["GET"]}}],"collection":[{"href":"https:\/\/solargic.net\/ca\/wp-json\/wp\/v2\/posts"}],"about":[{"href":"https:\/\/solargic.net\/ca\/wp-json\/wp\/v2\/types\/post"}],"author":[{"embeddable":true,"href":"https:\/\/solargic.net\/ca\/wp-json\/wp\/v2\/users\/3"}],"replies":[{"embeddable":true,"href":"https:\/\/solargic.net\/ca\/wp-json\/wp\/v2\/comments?post=1652"}],"version-history":[{"count":3,"href":"https:\/\/solargic.net\/ca\/wp-json\/wp\/v2\/posts\/1652\/revisions"}],"predecessor-version":[{"id":1661,"href":"https:\/\/solargic.net\/ca\/wp-json\/wp\/v2\/posts\/1652\/revisions\/1661"}],"wp:featuredmedia":[{"embeddable":true,"href":"https:\/\/solargic.net\/ca\/wp-json\/wp\/v2\/media\/1653"}],"wp:attachment":[{"href":"https:\/\/solargic.net\/ca\/wp-json\/wp\/v2\/media?parent=1652"}],"wp:term":[{"taxonomy":"category","embeddable":true,"href":"https:\/\/solargic.net\/ca\/wp-json\/wp\/v2\/categories?post=1652"},{"taxonomy":"post_tag","embeddable":true,"href":"https:\/\/solargic.net\/ca\/wp-json\/wp\/v2\/tags?post=1652"}],"curies":[{"name":"wp","href":"https:\/\/api.w.org\/{rel}","templated":true}]}}